{"id":23696,"date":"2017-04-08T18:15:00","date_gmt":"2017-04-08T16:15:00","guid":{"rendered":"http:\/\/www.ssvblumau.at\/wordpress\/?p=23696"},"modified":"2023-09-17T18:20:36","modified_gmt":"2023-09-17T16:20:36","slug":"landesmeisterschaft-s3-luftwaffen-2017","status":"publish","type":"post","link":"https:\/\/www.ssvblumau.at\/wordpress\/landesmeisterschaft-s3-luftwaffen-2017\/","title":{"rendered":"Landesmeisterschaft S3 Luftwaffen 2017"},"content":{"rendered":"\t\t<div data-elementor-type=\"wp-post\" data-elementor-id=\"23696\" class=\"elementor elementor-23696\" data-elementor-settings=\"{&quot;element_pack_global_tooltip_width&quot;:{&quot;unit&quot;:&quot;px&quot;,&quot;size&quot;:&quot;&quot;,&quot;sizes&quot;:[]},&quot;element_pack_global_tooltip_width_tablet&quot;:{&quot;unit&quot;:&quot;px&quot;,&quot;size&quot;:&quot;&quot;,&quot;sizes&quot;:[]},&quot;element_pack_global_tooltip_width_mobile&quot;:{&quot;unit&quot;:&quot;px&quot;,&quot;size&quot;:&quot;&quot;,&quot;sizes&quot;:[]},&quot;element_pack_global_tooltip_padding&quot;:{&quot;unit&quot;:&quot;px&quot;,&quot;top&quot;:&quot;&quot;,&quot;right&quot;:&quot;&quot;,&quot;bottom&quot;:&quot;&quot;,&quot;left&quot;:&quot;&quot;,&quot;isLinked&quot;:true},&quot;element_pack_global_tooltip_padding_tablet&quot;:{&quot;unit&quot;:&quot;px&quot;,&quot;top&quot;:&quot;&quot;,&quot;right&quot;:&quot;&quot;,&quot;bottom&quot;:&quot;&quot;,&quot;left&quot;:&quot;&quot;,&quot;isLinked&quot;:true},&quot;element_pack_global_tooltip_padding_mobile&quot;:{&quot;unit&quot;:&quot;px&quot;,&quot;top&quot;:&quot;&quot;,&quot;right&quot;:&quot;&quot;,&quot;bottom&quot;:&quot;&quot;,&quot;left&quot;:&quot;&quot;,&quot;isLinked&quot;:true},&quot;element_pack_global_tooltip_border_radius&quot;:{&quot;unit&quot;:&quot;px&quot;,&quot;top&quot;:&quot;&quot;,&quot;right&quot;:&quot;&quot;,&quot;bottom&quot;:&quot;&quot;,&quot;left&quot;:&quot;&quot;,&quot;isLinked&quot;:true},&quot;element_pack_global_tooltip_border_radius_tablet&quot;:{&quot;unit&quot;:&quot;px&quot;,&quot;top&quot;:&quot;&quot;,&quot;right&quot;:&quot;&quot;,&quot;bottom&quot;:&quot;&quot;,&quot;left&quot;:&quot;&quot;,&quot;isLinked&quot;:true},&quot;element_pack_global_tooltip_border_radius_mobile&quot;:{&quot;unit&quot;:&quot;px&quot;,&quot;top&quot;:&quot;&quot;,&quot;right&quot;:&quot;&quot;,&quot;bottom&quot;:&quot;&quot;,&quot;left&quot;:&quot;&quot;,&quot;isLinked&quot;:true}}\">\n\t\t\t\t\t\t<section class=\"elementor-section elementor-top-section elementor-element elementor-element-07f3bbe elementor-section-boxed elementor-section-height-default elementor-section-height-default\" data-id=\"07f3bbe\" data-element_type=\"section\" data-e-type=\"section\">\n\t\t\t\t\t\t<div class=\"elementor-container elementor-column-gap-default\">\n\t\t\t\t\t<div class=\"elementor-column elementor-col-100 elementor-top-column elementor-element elementor-element-421ae12\" data-id=\"421ae12\" data-element_type=\"column\" data-e-type=\"column\">\n\t\t\t<div class=\"elementor-widget-wrap elementor-element-populated\">\n\t\t\t\t\t\t<div class=\"elementor-element elementor-element-00352a0 elementor-widget elementor-widget-text-editor\" data-id=\"00352a0\" data-element_type=\"widget\" data-e-type=\"widget\" data-widget_type=\"text-editor.default\">\n\t\t\t\t<div class=\"elementor-widget-container\">\n\t\t\t\t\t\t\t\t\t<p>Im April 2017 trugen die N\u00d6 SeniorInnen in den Bewerben Luftpistole und Luftgewehr ihre j\u00e4hrlich stattfindenden Landesmeisterschaften in Mank aus.<br \/>Obersch\u00fctzenmeister Gerhard Leichtfried und sein Team sorgte f\u00fcr eine vorbildliche und reibungslose Abwicklung der Meisterschaften.<br \/>Von der Stadtgruppe Baden waren das Ehepaar Edith und Ing. Rudolf Miksche sowie Christa Strasser genannt. Leider konnte das Ehepaar Miksche wegen Krankheit nicht antreten.<br \/>Christa Strasser konnte in der Altersklasse 3 (70+) sowohl mit der Luftpistole als auch dem Luftgewehr \u00fcberzeugen und siegte in beiden Disziplinen.<br \/>Die Landesmeisterschaft war wieder ein voller Erfolg und es gratulierten nicht nur Landesobmann Herbert Nowohradsky, sondern auch der Manker Vize-B\u00fcrgermeister Franz Kaufmann und in Vertretung von Landesobersch\u00fctzenmeister Franz Obermann seine Stellvertreterin, Christa Strasser, 2. Landessch\u00fctzenmeister des Landessch\u00fctzenverbandes N\u00d6.<\/p>\t\t\t\t\t\t\t\t<\/div>\n\t\t\t\t<\/div>\n\t\t\t\t\t<\/div>\n\t\t<\/div>\n\t\t\t\t\t<\/div>\n\t\t<\/section>\n\t\t\t\t<section class=\"elementor-section elementor-top-section elementor-element elementor-element-6fe1f68 elementor-section-boxed elementor-section-height-default elementor-section-height-default\" data-id=\"6fe1f68\" data-element_type=\"section\" data-e-type=\"section\">\n\t\t\t\t\t\t<div class=\"elementor-container elementor-column-gap-default\">\n\t\t\t\t\t<div class=\"elementor-column elementor-col-100 elementor-top-column elementor-element elementor-element-83cb20a\" data-id=\"83cb20a\" data-element_type=\"column\" data-e-type=\"column\">\n\t\t\t<div class=\"elementor-widget-wrap elementor-element-populated\">\n\t\t\t\t\t\t<div class=\"elementor-element elementor-element-c817c8d elementor-widget-divider--view-line elementor-widget elementor-widget-divider\" data-id=\"c817c8d\" data-element_type=\"widget\" data-e-type=\"widget\" data-widget_type=\"divider.default\">\n\t\t\t\t<div class=\"elementor-widget-container\">\n\t\t\t\t\t\t\t<div class=\"elementor-divider\">\n\t\t\t<span class=\"elementor-divider-separator\">\n\t\t\t\t\t\t<\/span>\n\t\t<\/div>\n\t\t\t\t\t\t<\/div>\n\t\t\t\t<\/div>\n\t\t\t\t<section class=\"elementor-section elementor-inner-section elementor-element elementor-element-5ba4384 elementor-section-boxed elementor-section-height-default elementor-section-height-default\" data-id=\"5ba4384\" data-element_type=\"section\" data-e-type=\"section\">\n\t\t\t\t\t\t<div class=\"elementor-container elementor-column-gap-default\">\n\t\t\t\t\t<div class=\"elementor-column elementor-col-50 elementor-inner-column elementor-element elementor-element-2e816cb\" data-id=\"2e816cb\" data-element_type=\"column\" data-e-type=\"column\">\n\t\t\t<div class=\"elementor-widget-wrap\">\n\t\t\t\t\t\t\t<\/div>\n\t\t<\/div>\n\t\t\t\t<div class=\"elementor-column elementor-col-50 elementor-inner-column elementor-element elementor-element-ecae23d\" data-id=\"ecae23d\" data-element_type=\"column\" data-e-type=\"column\">\n\t\t\t<div class=\"elementor-widget-wrap elementor-element-populated\">\n\t\t\t\t\t\t<div class=\"elementor-element elementor-element-83d9c27 elementor-align-right elementor-widget elementor-widget-button\" data-id=\"83d9c27\" data-element_type=\"widget\" data-e-type=\"widget\" data-widget_type=\"button.default\">\n\t\t\t\t<div class=\"elementor-widget-container\">\n\t\t\t\t\t\t\t\t\t<div class=\"elementor-button-wrapper\">\n\t\t\t\t\t<a class=\"elementor-button elementor-button-link elementor-size-sm\" href=\"https:\/\/www.ssvblumau.at\/wordpress\/senioren-3\/\">\n\t\t\t\t\t\t<span class=\"elementor-button-content-wrapper\">\n\t\t\t\t\t\t<span class=\"elementor-button-icon\">\n\t\t\t\t<svg aria-hidden=\"true\" class=\"e-font-icon-svg e-far-arrow-alt-circle-right\" viewBox=\"0 0 512 512\" xmlns=\"http:\/\/www.w3.org\/2000\/svg\"><path d=\"M504 256C504 119 393 8 256 8S8 119 8 256s111 248 248 248 248-111 248-248zm-448 0c0-110.5 89.5-200 200-200s200 89.5 200 200-89.5 200-200 200S56 366.5 56 256zm72 20v-40c0-6.6 5.4-12 12-12h116v-67c0-10.7 12.9-16 20.5-8.5l99 99c4.7 4.7 4.7 12.3 0 17l-99 99c-7.6 7.6-20.5 2.2-20.5-8.5v-67H140c-6.6 0-12-5.4-12-12z\"><\/path><\/svg>\t\t\t<\/span>\n\t\t\t\t\t\t\t\t\t<span class=\"elementor-button-text\">Senioren 3<\/span>\n\t\t\t\t\t<\/span>\n\t\t\t\t\t<\/a>\n\t\t\t\t<\/div>\n\t\t\t\t\t\t\t\t<\/div>\n\t\t\t\t<\/div>\n\t\t\t\t\t<\/div>\n\t\t<\/div>\n\t\t\t\t\t<\/div>\n\t\t<\/section>\n\t\t\t\t\t<\/div>\n\t\t<\/div>\n\t\t\t\t\t<\/div>\n\t\t<\/section>\n\t\t\t\t<\/div>\n\t\t","protected":false},"excerpt":{"rendered":"<p>Im April 2017 trugen die N\u00d6 SeniorInnen in den Bewerben Luftpistole und Luftgewehr ihre j\u00e4hrlich stattfindenden Landesmeisterschaften in Mank aus.Obersch\u00fctzenmeister Gerhard Leichtfried und sein Team sorgte f\u00fcr eine vorbildliche und reibungslose Abwicklung der Meisterschaften.Von der Stadtgruppe Baden waren das Ehepaar Edith und Ing. Rudolf Miksche sowie Christa Strasser genannt. Leider konnte das Ehepaar Miksche wegen &hellip; <\/p>\n<p><a class=\"more-link btn\" href=\"https:\/\/www.ssvblumau.at\/wordpress\/landesmeisterschaft-s3-luftwaffen-2017\/\">Weiterlesen<\/a><\/p>\n","protected":false},"author":1,"featured_media":23697,"comment_status":"closed","ping_status":"open","sticky":false,"template":"","format":"standard","meta":{"footnotes":""},"categories":[49],"tags":[],"class_list":["post-23696","post","type-post","status-publish","format-standard","has-post-thumbnail","hentry","category-news-s3"],"_links":{"self":[{"href":"https:\/\/www.ssvblumau.at\/wordpress\/wp-json\/wp\/v2\/posts\/23696","targetHints":{"allow":["GET"]}}],"collection":[{"href":"https:\/\/www.ssvblumau.at\/wordpress\/wp-json\/wp\/v2\/posts"}],"about":[{"href":"https:\/\/www.ssvblumau.at\/wordpress\/wp-json\/wp\/v2\/types\/post"}],"author":[{"embeddable":true,"href":"https:\/\/www.ssvblumau.at\/wordpress\/wp-json\/wp\/v2\/users\/1"}],"replies":[{"embeddable":true,"href":"https:\/\/www.ssvblumau.at\/wordpress\/wp-json\/wp\/v2\/comments?post=23696"}],"version-history":[{"count":4,"href":"https:\/\/www.ssvblumau.at\/wordpress\/wp-json\/wp\/v2\/posts\/23696\/revisions"}],"predecessor-version":[{"id":23701,"href":"https:\/\/www.ssvblumau.at\/wordpress\/wp-json\/wp\/v2\/posts\/23696\/revisions\/23701"}],"wp:featuredmedia":[{"embeddable":true,"href":"https:\/\/www.ssvblumau.at\/wordpress\/wp-json\/wp\/v2\/media\/23697"}],"wp:attachment":[{"href":"https:\/\/www.ssvblumau.at\/wordpress\/wp-json\/wp\/v2\/media?parent=23696"}],"wp:term":[{"taxonomy":"category","embeddable":true,"href":"https:\/\/www.ssvblumau.at\/wordpress\/wp-json\/wp\/v2\/categories?post=23696"},{"taxonomy":"post_tag","embeddable":true,"href":"https:\/\/www.ssvblumau.at\/wordpress\/wp-json\/wp\/v2\/tags?post=23696"}],"curies":[{"name":"wp","href":"https:\/\/api.w.org\/{rel}","templated":true}]}}